{"id":5016,"date":"2026-08-10T05:09:32","date_gmt":"2026-08-10T05:09:32","guid":{"rendered":"https:\/\/windowsreport.com\/de\/microsoft-fugt-deinstallationsoption-fur-onedrive-photos-nach-heftiger-kritik-hinzu\/"},"modified":"2026-08-10T05:09:32","modified_gmt":"2026-08-10T05:09:32","slug":"microsoft-fugt-deinstallationsoption-fur-onedrive-photos-nach-heftiger-kritik-hinzu","status":"publish","type":"post","link":"https:\/\/windowsreport.com\/de\/microsoft-fugt-deinstallationsoption-fur-onedrive-photos-nach-heftiger-kritik-hinzu\/","title":{"rendered":"Microsoft f\u00fcgt Deinstallationsoption f\u00fcr OneDrive Photos nach heftiger Kritik hinzu"},"content":{"rendered":"\n<p>Microsoft bereitet neue Steuerungsm\u00f6glichkeiten f\u00fcr OneDrive-Fotos vor, nachdem Windows-11-Administratoren die Funktion kritisiert haben, weil sie auf verwalteten Ger\u00e4ten ohne explizite Anfrage der IT-Teams angezeigt wurde.<\/p>\n\n\n\n<p>Das Problem trat auf, nachdem Admins bemerkt hatten, dass <a href=\"https:\/\/windowsreport.com\/de\/microsoft-installiert-unbemerkt-onedrive-photos-auf-unternehmens-pcs\/\" target=\"_blank\" rel=\"noopener\">OneDrive-Fotos auf verwalteten Ger\u00e4ten erscheinen<\/a>. Microsoft hat nun zwei neue OneDrive-Fotos-Steuerungen in der Microsoft-365-Roadmap aufgef\u00fchrt.<\/p>\n\n\n\n<h2 class=\"wp-block-heading\" id=\"h-administrators-will-get-more-control-over-onedrive-photos\">Administratoren erhalten mehr Kontrolle \u00fcber OneDrive-Fotos<\/h2>\n\n\n\n<p>Das Roadmap-Feature <a href=\"https:\/\/www.microsoft.com\/en-in\/microsoft-365\/roadmap?id=568931\" target=\"_blank\" rel=\"noopener\">ID 568931<\/a> mit dem Namen \u201eZugriff auf die OneDrive-Fotos-Desktop-Erfahrung verwalten\u201c wird Administratoren mehr Kontrolle \u00fcber den Zugriff auf pers\u00f6nliche Microsoft-Konten geben.<\/p>\n\n\n\n<p>Admins k\u00f6nnen verwalten, ob Benutzer sich \u00fcber die OneDrive-Fotos-Erfahrung unter Windows mit pers\u00f6nlichen Microsoft-Konten anmelden k\u00f6nnen.<\/p>\n\n\n\n<p>Die neue Steuerung soll Unternehmen dabei helfen, bestehende Richtlinien f\u00fcr Zugriff, Datenverwaltung und Ger\u00e4temanagement durchzusetzen.<\/p>\n\n\n\n<p>Microsoft listet die Funktion derzeit als in Entwicklung, der Rollout soll voraussichtlich im August 2026 beginnen.<\/p>\n\n\n\n<h3 class=\"wp-block-heading\" id=\"h-microsoft-is-adding-a-dedicated-uninstall-option\">Microsoft f\u00fcgt eine dedizierte Deinstallationsoption hinzu<\/h3>\n\n\n\n<p>Microsoft entwickelt auch das Roadmap-Feature <a href=\"https:\/\/www.microsoft.com\/en-in\/microsoft-365\/roadmap?id=568934\" target=\"_blank\" rel=\"noopener\">ID 568934<\/a> mit dem Namen \u201eOneDrive-Fotos deinstallieren, ohne die Dateisynchronisierung zu beeintr\u00e4chtigen\u201c.<\/p>\n\n\n\n<p>Die Option erm\u00f6glicht es Benutzern und Unternehmen, die OneDrive-Fotos-Erfahrung separat zu entfernen, ohne die Hauptanwendung OneDrive zu deinstallieren.<\/p>\n\n\n\n<p>Das Entfernen von OneDrive-Fotos hat keine Auswirkungen auf OneDrive selbst oder auf Dateien, die bereits \u00fcber den Dienst synchronisiert wurden.<\/p>\n\n\n\n<p>Microsoft gibt an, dass die \u00c4nderung Benutzern mehr Kontrolle gibt, wenn sie die Fotos-Erfahrung nicht nutzen m\u00f6chten. Das Unternehmen plant, die Einf\u00fchrung im September 2026 zu beginnen.<\/p>\n\n\n\n<p>Microsoft hat nicht best\u00e4tigt, dass die neuen Steuerungen direkt auf die j\u00fcngste Kritik reagieren, doch der Zeitpunkt deutet darauf hin, dass das Unternehmen schnell gehandelt hat, um auf die Bedenken von Benutzern und Administratoren einzugehen.<\/p>\n\n\n\n<p>In weiteren Nachrichten erh\u00e4lt Outlook Mobile OneDrive-Unterst\u00fctzung f\u00fcr Signaturbilder, w\u00e4hrend <a href=\"https:\/\/windowsreport.com\/de\/new-outlook-erhalt-microsoft-planner-wahrend-to-do-in-den-hintergrund-ruckt-2\/\" target=\"_blank\" rel=\"noopener\">das neue Outlook Microsoft Planner-Unterst\u00fctzung erh\u00e4lt<\/a>.<\/p>\n\n\n\n<p>Via <a href=\"https:\/\/www.neowin.net\/news\/following-backlash-microsoft-rushes-to-add-uninstall-option-for-unwanted-onedrive-feature\/\" target=\"_blank\" rel=\"noopener\">Neowin<\/a><\/p>\n","protected":false},"excerpt":{"rendered":"<p>Microsoft bereitet neue Steuerungsm\u00f6glichkeiten f\u00fcr OneDrive-Fotos vor, nachdem Windows-11-Administratoren die Funktion kritisiert haben, weil sie auf verwalteten Ger\u00e4ten ohne explizite Anfrage der IT-Teams angezeigt wurde. Das Problem trat auf, nachdem Admins bemerkt hatten, dass OneDrive-Fotos auf verwalteten Ger\u00e4ten erscheinen. Microsoft hat nun zwei neue OneDrive-Fotos-Steuerungen in der Microsoft-365-Roadmap aufgef\u00fchrt. Administratoren erhalten mehr Kontrolle \u00fcber OneDrive-Fotos [&hellip;]<\/p>\n","protected":false},"author":49,"featured_media":5017,"comment_status":"open","ping_status":"open","sticky":false,"template":"","format":"standard","meta":{"_acf_changed":false,"_enabled_clarity":"","footnotes":""},"categories":[1797],"tags":[],"work":[],"class_list":["post-5016","post","type-post","status-publish","format-standard","has-post-thumbnail","hentry","category-anleitung"],"acf":[],"yoast_head":"<!-- This site is optimized with the Yoast SEO Premium plugin v28.3 (Yoast SEO v28.3) - https:\/\/yoast.com\/product\/yoast-seo-premium-wordpress\/ -->\n<title>Microsoft f\u00fcgt Deinstallationsoption f\u00fcr OneDrive Photos nach heftiger Kritik hinzu<\/title>\n<meta name=\"description\" content=\"Microsoft f\u00fcgt neue OneDrive Photos-Adminsteuerungen und eine separate Deinstallationsoption hinzu, nachdem es Kritik von Windows-11-Administratoren gab.\" \/>\n<meta name=\"robots\" content=\"index, follow, max-snippet:-1, max-image-preview:large, max-video-preview:-1\" \/>\n<link rel=\"canonical\" href=\"https:\/\/windowsreport.com\/de\/microsoft-fugt-deinstallationsoption-fur-onedrive-photos-nach-heftiger-kritik-hinzu\/\" \/>\n<meta property=\"og:locale\" content=\"de_DE\" \/>\n<meta property=\"og:type\" content=\"article\" \/>\n<meta property=\"og:title\" content=\"Microsoft f\u00fcgt Deinstallationsoption f\u00fcr OneDrive Photos nach heftiger Kritik hinzu\" \/>\n<meta property=\"og:description\" content=\"Microsoft f\u00fcgt neue OneDrive Photos-Adminsteuerungen und eine separate Deinstallationsoption hinzu, nachdem es Kritik von Windows-11-Administratoren gab.\" \/>\n<meta property=\"og:url\" content=\"https:\/\/windowsreport.com\/de\/microsoft-fugt-deinstallationsoption-fur-onedrive-photos-nach-heftiger-kritik-hinzu\/\" \/>\n<meta property=\"og:site_name\" content=\"Windows Report DE (German)\" \/>\n<meta property=\"article:published_time\" content=\"2026-08-10T05:09:32+00:00\" \/>\n<meta property=\"og:image\" content=\"https:\/\/windowsreport.com\/de\/wp-content\/uploads\/sites\/4\/2026\/08\/onedrive-photos-uninstall-1.jpg\" \/>\n\t<meta property=\"og:image:width\" content=\"1280\" \/>\n\t<meta property=\"og:image:height\" content=\"801\" \/>\n\t<meta property=\"og:image:type\" content=\"image\/jpeg\" \/>\n<meta name=\"author\" content=\"Milan Stanojevic\" \/>\n<meta name=\"twitter:card\" content=\"summary_large_image\" \/>\n<meta name=\"twitter:creator\" content=\"@MilanStanojev17\" \/>\n<meta name=\"twitter:label1\" content=\"Verfasst von\" \/>\n\t<meta name=\"twitter:data1\" content=\"Milan Stanojevic\" \/>\n\t<meta name=\"twitter:label2\" content=\"Gesch\u00e4tzte Lesezeit\" \/>\n\t<meta name=\"twitter:data2\" content=\"1\u00a0Minute\" \/>\n<script type=\"application\/ld+json\" class=\"yoast-schema-graph\">{\"@context\":\"https:\\\/\\\/schema.org\",\"@graph\":[{\"@type\":\"Article\",\"@id\":\"https:\\\/\\\/windowsreport.com\\\/de\\\/microsoft-fugt-deinstallationsoption-fur-onedrive-photos-nach-heftiger-kritik-hinzu\\\/#article\",\"isPartOf\":{\"@id\":\"https:\\\/\\\/windowsreport.com\\\/de\\\/microsoft-fugt-deinstallationsoption-fur-onedrive-photos-nach-heftiger-kritik-hinzu\\\/\"},\"author\":{\"name\":\"Milan Stanojevic\",\"@id\":\"https:\\\/\\\/windowsreport.com\\\/de\\\/#\\\/schema\\\/person\\\/e3910b02e4592db47a0eb303765a3a25\"},\"headline\":\"Microsoft f\u00fcgt Deinstallationsoption f\u00fcr OneDrive Photos nach heftiger Kritik hinzu\",\"datePublished\":\"2026-08-10T05:09:32+00:00\",\"mainEntityOfPage\":{\"@id\":\"https:\\\/\\\/windowsreport.com\\\/de\\\/microsoft-fugt-deinstallationsoption-fur-onedrive-photos-nach-heftiger-kritik-hinzu\\\/\"},\"wordCount\":300,\"commentCount\":0,\"publisher\":{\"@id\":\"https:\\\/\\\/windowsreport.com\\\/de\\\/#organization\"},\"image\":{\"@id\":\"https:\\\/\\\/windowsreport.com\\\/de\\\/microsoft-fugt-deinstallationsoption-fur-onedrive-photos-nach-heftiger-kritik-hinzu\\\/#primaryimage\"},\"thumbnailUrl\":\"https:\\\/\\\/windowsreport.com\\\/de\\\/wp-content\\\/uploads\\\/sites\\\/4\\\/2026\\\/08\\\/onedrive-photos-uninstall-1.jpg\",\"articleSection\":[\"Anleitung\"],\"inLanguage\":\"de\",\"potentialAction\":[{\"@type\":\"CommentAction\",\"name\":\"Comment\",\"target\":[\"https:\\\/\\\/windowsreport.com\\\/de\\\/microsoft-fugt-deinstallationsoption-fur-onedrive-photos-nach-heftiger-kritik-hinzu\\\/#respond\"]}],\"copyrightYear\":\"2026\",\"copyrightHolder\":{\"@id\":\"https:\\\/\\\/windowsreport.com\\\/#organization\"}},{\"@type\":\"WebPage\",\"@id\":\"https:\\\/\\\/windowsreport.com\\\/de\\\/microsoft-fugt-deinstallationsoption-fur-onedrive-photos-nach-heftiger-kritik-hinzu\\\/\",\"url\":\"https:\\\/\\\/windowsreport.com\\\/de\\\/microsoft-fugt-deinstallationsoption-fur-onedrive-photos-nach-heftiger-kritik-hinzu\\\/\",\"name\":\"Microsoft f\u00fcgt Deinstallationsoption f\u00fcr OneDrive Photos nach heftiger Kritik hinzu\",\"isPartOf\":{\"@id\":\"https:\\\/\\\/windowsreport.com\\\/de\\\/#website\"},\"primaryImageOfPage\":{\"@id\":\"https:\\\/\\\/windowsreport.com\\\/de\\\/microsoft-fugt-deinstallationsoption-fur-onedrive-photos-nach-heftiger-kritik-hinzu\\\/#primaryimage\"},\"image\":{\"@id\":\"https:\\\/\\\/windowsreport.com\\\/de\\\/microsoft-fugt-deinstallationsoption-fur-onedrive-photos-nach-heftiger-kritik-hinzu\\\/#primaryimage\"},\"thumbnailUrl\":\"https:\\\/\\\/windowsreport.com\\\/de\\\/wp-content\\\/uploads\\\/sites\\\/4\\\/2026\\\/08\\\/onedrive-photos-uninstall-1.jpg\",\"datePublished\":\"2026-08-10T05:09:32+00:00\",\"description\":\"Microsoft f\u00fcgt neue OneDrive Photos-Adminsteuerungen und eine separate Deinstallationsoption hinzu, nachdem es Kritik von Windows-11-Administratoren gab.\",\"breadcrumb\":{\"@id\":\"https:\\\/\\\/windowsreport.com\\\/de\\\/microsoft-fugt-deinstallationsoption-fur-onedrive-photos-nach-heftiger-kritik-hinzu\\\/#breadcrumb\"},\"inLanguage\":\"de\",\"potentialAction\":[{\"@type\":\"ReadAction\",\"target\":[\"https:\\\/\\\/windowsreport.com\\\/de\\\/microsoft-fugt-deinstallationsoption-fur-onedrive-photos-nach-heftiger-kritik-hinzu\\\/\"]}]},{\"@type\":\"ImageObject\",\"inLanguage\":\"de\",\"@id\":\"https:\\\/\\\/windowsreport.com\\\/de\\\/microsoft-fugt-deinstallationsoption-fur-onedrive-photos-nach-heftiger-kritik-hinzu\\\/#primaryimage\",\"url\":\"https:\\\/\\\/windowsreport.com\\\/de\\\/wp-content\\\/uploads\\\/sites\\\/4\\\/2026\\\/08\\\/onedrive-photos-uninstall-1.jpg\",\"contentUrl\":\"https:\\\/\\\/windowsreport.com\\\/de\\\/wp-content\\\/uploads\\\/sites\\\/4\\\/2026\\\/08\\\/onedrive-photos-uninstall-1.jpg\",\"width\":1280,\"height\":801},{\"@type\":\"BreadcrumbList\",\"@id\":\"https:\\\/\\\/windowsreport.com\\\/de\\\/microsoft-fugt-deinstallationsoption-fur-onedrive-photos-nach-heftiger-kritik-hinzu\\\/#breadcrumb\",\"itemListElement\":[{\"@type\":\"ListItem\",\"position\":1,\"name\":\"Home\",\"item\":\"https:\\\/\\\/windowsreport.com\\\/de\\\/\"},{\"@type\":\"ListItem\",\"position\":2,\"name\":\"Anleitung\",\"item\":\"https:\\\/\\\/windowsreport.com\\\/de\\\/category\\\/anleitung\\\/\"},{\"@type\":\"ListItem\",\"position\":3,\"name\":\"Microsoft f\u00fcgt Deinstallationsoption f\u00fcr OneDrive Photos nach heftiger Kritik hinzu\"}]},{\"@type\":\"WebSite\",\"@id\":\"https:\\\/\\\/windowsreport.com\\\/de\\\/#website\",\"url\":\"https:\\\/\\\/windowsreport.com\\\/de\\\/\",\"name\":\"Windows Report DE (German)\",\"description\":\"Eine Website mit zeitsparenden Software- und Hardware-Expertisen, die mehr als 500 Millionen PC-Benutzern geholfen hat. Wir unterst\u00fctzen Sie mit Anleitungen, Nachrichten und Tipps, um Ihr technisches Leben zu verbessern.\",\"publisher\":{\"@id\":\"https:\\\/\\\/windowsreport.com\\\/de\\\/#organization\"},\"potentialAction\":[{\"@type\":\"SearchAction\",\"target\":{\"@type\":\"EntryPoint\",\"urlTemplate\":\"https:\\\/\\\/windowsreport.com\\\/de\\\/?s={search_term_string}\"},\"query-input\":{\"@type\":\"PropertyValueSpecification\",\"valueRequired\":true,\"valueName\":\"search_term_string\"}}],\"inLanguage\":\"de\"},{\"@type\":\"Organization\",\"@id\":\"https:\\\/\\\/windowsreport.com\\\/de\\\/#organization\",\"name\":\"Windows Report DE (German)\",\"url\":\"https:\\\/\\\/windowsreport.com\\\/de\\\/\",\"logo\":{\"@type\":\"ImageObject\",\"inLanguage\":\"de\",\"@id\":\"https:\\\/\\\/windowsreport.com\\\/de\\\/#\\\/schema\\\/logo\\\/image\\\/\",\"url\":\"https:\\\/\\\/windowsreport.com\\\/de\\\/wp-content\\\/uploads\\\/sites\\\/4\\\/2024\\\/01\\\/wr-logo-default.png\",\"contentUrl\":\"https:\\\/\\\/windowsreport.com\\\/de\\\/wp-content\\\/uploads\\\/sites\\\/4\\\/2024\\\/01\\\/wr-logo-default.png\",\"width\":214,\"height\":35,\"caption\":\"Windows Report DE (German)\"},\"image\":{\"@id\":\"https:\\\/\\\/windowsreport.com\\\/de\\\/#\\\/schema\\\/logo\\\/image\\\/\"}},{\"@type\":\"Person\",\"@id\":\"https:\\\/\\\/windowsreport.com\\\/de\\\/#\\\/schema\\\/person\\\/e3910b02e4592db47a0eb303765a3a25\",\"name\":\"Milan Stanojevic\",\"image\":{\"@type\":\"ImageObject\",\"inLanguage\":\"de\",\"@id\":\"https:\\\/\\\/secure.gravatar.com\\\/avatar\\\/fdfb58c5f9c33b78cbac22bd664ac8335249104922392e67d69d32ee59624544?s=96&d=https%3A%2F%2Fwindowsreport.com%2Fwp-content%2Fuploads%2Fsites%2F4%2F2024%2F01%2Fwricon.png&r=g\",\"url\":\"https:\\\/\\\/secure.gravatar.com\\\/avatar\\\/fdfb58c5f9c33b78cbac22bd664ac8335249104922392e67d69d32ee59624544?s=96&d=https%3A%2F%2Fwindowsreport.com%2Fwp-content%2Fuploads%2Fsites%2F4%2F2024%2F01%2Fwricon.png&r=g\",\"contentUrl\":\"https:\\\/\\\/secure.gravatar.com\\\/avatar\\\/fdfb58c5f9c33b78cbac22bd664ac8335249104922392e67d69d32ee59624544?s=96&d=https%3A%2F%2Fwindowsreport.com%2Fwp-content%2Fuploads%2Fsites%2F4%2F2024%2F01%2Fwricon.png&r=g\",\"caption\":\"Milan Stanojevic\"},\"description\":\"Milan has been enthusiastic about technology ever since his childhood days, and this led him to take interest in all PC-related technologies. He's a PC enthusiast and he spends most of his time learning about computers and technology. Before joining WindowsReport, he worked as a front-end web developer. Now, he's one of the Troubleshooting experts in our worldwide team, specializing in Windows errors &amp; software issues.\",\"sameAs\":[\"https:\\\/\\\/x.com\\\/MilanStanojev17\"],\"url\":\"https:\\\/\\\/windowsreport.com\\\/de\\\/author\\\/milan\\\/\"}]}<\/script>\n<!-- \/ Yoast SEO Premium plugin. -->","yoast_head_json":{"title":"Microsoft f\u00fcgt Deinstallationsoption f\u00fcr OneDrive Photos nach heftiger Kritik hinzu","description":"Microsoft f\u00fcgt neue OneDrive Photos-Adminsteuerungen und eine separate Deinstallationsoption hinzu, nachdem es Kritik von Windows-11-Administratoren gab.","robots":{"index":"index","follow":"follow","max-snippet":"max-snippet:-1","max-image-preview":"max-image-preview:large","max-video-preview":"max-video-preview:-1"},"canonical":"https:\/\/windowsreport.com\/de\/microsoft-fugt-deinstallationsoption-fur-onedrive-photos-nach-heftiger-kritik-hinzu\/","og_locale":"de_DE","og_type":"article","og_title":"Microsoft f\u00fcgt Deinstallationsoption f\u00fcr OneDrive Photos nach heftiger Kritik hinzu","og_description":"Microsoft f\u00fcgt neue OneDrive Photos-Adminsteuerungen und eine separate Deinstallationsoption hinzu, nachdem es Kritik von Windows-11-Administratoren gab.","og_url":"https:\/\/windowsreport.com\/de\/microsoft-fugt-deinstallationsoption-fur-onedrive-photos-nach-heftiger-kritik-hinzu\/","og_site_name":"Windows Report DE (German)","article_published_time":"2026-08-10T05:09:32+00:00","og_image":[{"width":1280,"height":801,"url":"https:\/\/windowsreport.com\/de\/wp-content\/uploads\/sites\/4\/2026\/08\/onedrive-photos-uninstall-1.jpg","type":"image\/jpeg"}],"author":"Milan Stanojevic","twitter_card":"summary_large_image","twitter_creator":"@MilanStanojev17","twitter_misc":{"Verfasst von":"Milan Stanojevic","Gesch\u00e4tzte Lesezeit":"1\u00a0Minute"},"schema":{"@context":"https:\/\/schema.org","@graph":[{"@type":"Article","@id":"https:\/\/windowsreport.com\/de\/microsoft-fugt-deinstallationsoption-fur-onedrive-photos-nach-heftiger-kritik-hinzu\/#article","isPartOf":{"@id":"https:\/\/windowsreport.com\/de\/microsoft-fugt-deinstallationsoption-fur-onedrive-photos-nach-heftiger-kritik-hinzu\/"},"author":{"name":"Milan Stanojevic","@id":"https:\/\/windowsreport.com\/de\/#\/schema\/person\/e3910b02e4592db47a0eb303765a3a25"},"headline":"Microsoft f\u00fcgt Deinstallationsoption f\u00fcr OneDrive Photos nach heftiger Kritik hinzu","datePublished":"2026-08-10T05:09:32+00:00","mainEntityOfPage":{"@id":"https:\/\/windowsreport.com\/de\/microsoft-fugt-deinstallationsoption-fur-onedrive-photos-nach-heftiger-kritik-hinzu\/"},"wordCount":300,"commentCount":0,"publisher":{"@id":"https:\/\/windowsreport.com\/de\/#organization"},"image":{"@id":"https:\/\/windowsreport.com\/de\/microsoft-fugt-deinstallationsoption-fur-onedrive-photos-nach-heftiger-kritik-hinzu\/#primaryimage"},"thumbnailUrl":"https:\/\/windowsreport.com\/de\/wp-content\/uploads\/sites\/4\/2026\/08\/onedrive-photos-uninstall-1.jpg","articleSection":["Anleitung"],"inLanguage":"de","potentialAction":[{"@type":"CommentAction","name":"Comment","target":["https:\/\/windowsreport.com\/de\/microsoft-fugt-deinstallationsoption-fur-onedrive-photos-nach-heftiger-kritik-hinzu\/#respond"]}],"copyrightYear":"2026","copyrightHolder":{"@id":"https:\/\/windowsreport.com\/#organization"}},{"@type":"WebPage","@id":"https:\/\/windowsreport.com\/de\/microsoft-fugt-deinstallationsoption-fur-onedrive-photos-nach-heftiger-kritik-hinzu\/","url":"https:\/\/windowsreport.com\/de\/microsoft-fugt-deinstallationsoption-fur-onedrive-photos-nach-heftiger-kritik-hinzu\/","name":"Microsoft f\u00fcgt Deinstallationsoption f\u00fcr OneDrive Photos nach heftiger Kritik hinzu","isPartOf":{"@id":"https:\/\/windowsreport.com\/de\/#website"},"primaryImageOfPage":{"@id":"https:\/\/windowsreport.com\/de\/microsoft-fugt-deinstallationsoption-fur-onedrive-photos-nach-heftiger-kritik-hinzu\/#primaryimage"},"image":{"@id":"https:\/\/windowsreport.com\/de\/microsoft-fugt-deinstallationsoption-fur-onedrive-photos-nach-heftiger-kritik-hinzu\/#primaryimage"},"thumbnailUrl":"https:\/\/windowsreport.com\/de\/wp-content\/uploads\/sites\/4\/2026\/08\/onedrive-photos-uninstall-1.jpg","datePublished":"2026-08-10T05:09:32+00:00","description":"Microsoft f\u00fcgt neue OneDrive Photos-Adminsteuerungen und eine separate Deinstallationsoption hinzu, nachdem es Kritik von Windows-11-Administratoren gab.","breadcrumb":{"@id":"https:\/\/windowsreport.com\/de\/microsoft-fugt-deinstallationsoption-fur-onedrive-photos-nach-heftiger-kritik-hinzu\/#breadcrumb"},"inLanguage":"de","potentialAction":[{"@type":"ReadAction","target":["https:\/\/windowsreport.com\/de\/microsoft-fugt-deinstallationsoption-fur-onedrive-photos-nach-heftiger-kritik-hinzu\/"]}]},{"@type":"ImageObject","inLanguage":"de","@id":"https:\/\/windowsreport.com\/de\/microsoft-fugt-deinstallationsoption-fur-onedrive-photos-nach-heftiger-kritik-hinzu\/#primaryimage","url":"https:\/\/windowsreport.com\/de\/wp-content\/uploads\/sites\/4\/2026\/08\/onedrive-photos-uninstall-1.jpg","contentUrl":"https:\/\/windowsreport.com\/de\/wp-content\/uploads\/sites\/4\/2026\/08\/onedrive-photos-uninstall-1.jpg","width":1280,"height":801},{"@type":"BreadcrumbList","@id":"https:\/\/windowsreport.com\/de\/microsoft-fugt-deinstallationsoption-fur-onedrive-photos-nach-heftiger-kritik-hinzu\/#breadcrumb","itemListElement":[{"@type":"ListItem","position":1,"name":"Home","item":"https:\/\/windowsreport.com\/de\/"},{"@type":"ListItem","position":2,"name":"Anleitung","item":"https:\/\/windowsreport.com\/de\/category\/anleitung\/"},{"@type":"ListItem","position":3,"name":"Microsoft f\u00fcgt Deinstallationsoption f\u00fcr OneDrive Photos nach heftiger Kritik hinzu"}]},{"@type":"WebSite","@id":"https:\/\/windowsreport.com\/de\/#website","url":"https:\/\/windowsreport.com\/de\/","name":"Windows Report DE (German)","description":"Eine Website mit zeitsparenden Software- und Hardware-Expertisen, die mehr als 500 Millionen PC-Benutzern geholfen hat. Wir unterst\u00fctzen Sie mit Anleitungen, Nachrichten und Tipps, um Ihr technisches Leben zu verbessern.","publisher":{"@id":"https:\/\/windowsreport.com\/de\/#organization"},"potentialAction":[{"@type":"SearchAction","target":{"@type":"EntryPoint","urlTemplate":"https:\/\/windowsreport.com\/de\/?s={search_term_string}"},"query-input":{"@type":"PropertyValueSpecification","valueRequired":true,"valueName":"search_term_string"}}],"inLanguage":"de"},{"@type":"Organization","@id":"https:\/\/windowsreport.com\/de\/#organization","name":"Windows Report DE (German)","url":"https:\/\/windowsreport.com\/de\/","logo":{"@type":"ImageObject","inLanguage":"de","@id":"https:\/\/windowsreport.com\/de\/#\/schema\/logo\/image\/","url":"https:\/\/windowsreport.com\/de\/wp-content\/uploads\/sites\/4\/2024\/01\/wr-logo-default.png","contentUrl":"https:\/\/windowsreport.com\/de\/wp-content\/uploads\/sites\/4\/2024\/01\/wr-logo-default.png","width":214,"height":35,"caption":"Windows Report DE (German)"},"image":{"@id":"https:\/\/windowsreport.com\/de\/#\/schema\/logo\/image\/"}},{"@type":"Person","@id":"https:\/\/windowsreport.com\/de\/#\/schema\/person\/e3910b02e4592db47a0eb303765a3a25","name":"Milan Stanojevic","image":{"@type":"ImageObject","inLanguage":"de","@id":"https:\/\/secure.gravatar.com\/avatar\/fdfb58c5f9c33b78cbac22bd664ac8335249104922392e67d69d32ee59624544?s=96&d=https%3A%2F%2Fwindowsreport.com%2Fwp-content%2Fuploads%2Fsites%2F4%2F2024%2F01%2Fwricon.png&r=g","url":"https:\/\/secure.gravatar.com\/avatar\/fdfb58c5f9c33b78cbac22bd664ac8335249104922392e67d69d32ee59624544?s=96&d=https%3A%2F%2Fwindowsreport.com%2Fwp-content%2Fuploads%2Fsites%2F4%2F2024%2F01%2Fwricon.png&r=g","contentUrl":"https:\/\/secure.gravatar.com\/avatar\/fdfb58c5f9c33b78cbac22bd664ac8335249104922392e67d69d32ee59624544?s=96&d=https%3A%2F%2Fwindowsreport.com%2Fwp-content%2Fuploads%2Fsites%2F4%2F2024%2F01%2Fwricon.png&r=g","caption":"Milan Stanojevic"},"description":"Milan has been enthusiastic about technology ever since his childhood days, and this led him to take interest in all PC-related technologies. He's a PC enthusiast and he spends most of his time learning about computers and technology. Before joining WindowsReport, he worked as a front-end web developer. Now, he's one of the Troubleshooting experts in our worldwide team, specializing in Windows errors &amp; software issues.","sameAs":["https:\/\/x.com\/MilanStanojev17"],"url":"https:\/\/windowsreport.com\/de\/author\/milan\/"}]}},"_links":{"self":[{"href":"https:\/\/windowsreport.com\/de\/wp-json\/wp\/v2\/posts\/5016","targetHints":{"allow":["GET"]}}],"collection":[{"href":"https:\/\/windowsreport.com\/de\/wp-json\/wp\/v2\/posts"}],"about":[{"href":"https:\/\/windowsreport.com\/de\/wp-json\/wp\/v2\/types\/post"}],"author":[{"embeddable":true,"href":"https:\/\/windowsreport.com\/de\/wp-json\/wp\/v2\/users\/49"}],"replies":[{"embeddable":true,"href":"https:\/\/windowsreport.com\/de\/wp-json\/wp\/v2\/comments?post=5016"}],"version-history":[{"count":0,"href":"https:\/\/windowsreport.com\/de\/wp-json\/wp\/v2\/posts\/5016\/revisions"}],"wp:featuredmedia":[{"embeddable":true,"href":"https:\/\/windowsreport.com\/de\/wp-json\/wp\/v2\/media\/5017"}],"wp:attachment":[{"href":"https:\/\/windowsreport.com\/de\/wp-json\/wp\/v2\/media?parent=5016"}],"wp:term":[{"taxonomy":"category","embeddable":true,"href":"https:\/\/windowsreport.com\/de\/wp-json\/wp\/v2\/categories?post=5016"},{"taxonomy":"post_tag","embeddable":true,"href":"https:\/\/windowsreport.com\/de\/wp-json\/wp\/v2\/tags?post=5016"},{"taxonomy":"work","embeddable":true,"href":"https:\/\/windowsreport.com\/de\/wp-json\/wp\/v2\/work?post=5016"}],"curies":[{"name":"wp","href":"https:\/\/api.w.org\/{rel}","templated":true}]}}