{"id":7088,"date":"2026-09-03T10:07:12","date_gmt":"2026-09-03T10:07:12","guid":{"rendered":"https:\/\/windowsreport.com\/pt\/microsoft-confirma-que-o-windows-11-kb5120998-quebra-as-configuracoes-e-a-animacao-do-cursor-do-mouse-personalizacao-da-area-de-trabalho-tambem-e-afetada\/"},"modified":"2026-09-03T10:07:12","modified_gmt":"2026-09-03T10:07:12","slug":"microsoft-confirma-que-o-windows-11-kb5120998-quebra-as-configuracoes-e-a-animacao-do-cursor-do-mouse-personalizacao-da-area-de-trabalho-tambem-e-afetada","status":"publish","type":"post","link":"https:\/\/windowsreport.com\/pt\/microsoft-confirma-que-o-windows-11-kb5120998-quebra-as-configuracoes-e-a-animacao-do-cursor-do-mouse-personalizacao-da-area-de-trabalho-tambem-e-afetada\/","title":{"rendered":"Microsoft confirma que o Windows 11 KB5120998 quebra as configura\u00e7\u00f5es e a anima\u00e7\u00e3o do cursor do mouse, personaliza\u00e7\u00e3o da \u00e1rea de trabalho tamb\u00e9m \u00e9 afetada"},"content":{"rendered":"\n<p>A Microsoft confirmou novos problemas de personaliza\u00e7\u00e3o no Windows 11 ap\u00f3s as atualiza\u00e7\u00f5es lan\u00e7adas a 27 de agosto. Depois de instalar a atualiza\u00e7\u00e3o KB5120998, muitos utilizadores do Reddit afirmaram que as defini\u00e7\u00f5es do rato e os fundos do ambiente de trabalho est\u00e3o a ser repostos sem aviso. Agora, a Microsoft confirmou oficialmente ambos os problemas ao atualizar a sec\u00e7\u00e3o &#8220;Known issues&#8221; e o Windows Release Health Dashboard, respetivamente.<\/p>\n\n\n\n<h2 class=\"wp-block-heading\" id=\"h-windows-11-mouse-settings-are-being-reset\">As defini\u00e7\u00f5es do rato do Windows 11 est\u00e3o a ser repostas<\/h2>\n\n\n\n<p>A personaliza\u00e7\u00e3o do rato est\u00e1 aparentemente a ser <a href=\"https:\/\/support.microsoft.com\/en-us\/servicing\/os\/windows-11\/2026\/08\/kb5120998-windows-11-24h2-25h2-update\" target=\"_blank\" rel=\"noreferrer noopener\">reposta em determinadas instala\u00e7\u00f5es do Windows que n\u00e3o est\u00e3o em ingl\u00eas<\/a>, de acordo com a Microsoft. Depois de instalar a atualiza\u00e7\u00e3o KB5120998 e atualiza\u00e7\u00f5es posteriores, as defini\u00e7\u00f5es personalizadas do rato podem voltar \u00e0s predefini\u00e7\u00f5es. Conforme noticiado anteriormente, o problema afeta as defini\u00e7\u00f5es do cursor do rato e as anima\u00e7\u00f5es do cursor configuradas atrav\u00e9s das Propriedades do Rato do Windows.<\/p>\n\n\n\n<p>A Microsoft afirma que os componentes de c\u00f3digo utilizados pelas instala\u00e7\u00f5es do Windows que n\u00e3o est\u00e3o em ingl\u00eas est\u00e3o na origem do problema. As defini\u00e7\u00f5es afetadas n\u00e3o s\u00e3o carregadas corretamente, for\u00e7ando o Windows a utilizar os valores predefinidos.<\/p>\n\n\n\n<p>Tentar repor manualmente as defini\u00e7\u00f5es do rato preferidas n\u00e3o resolve o problema. Isto significa que alterar repetidamente as op\u00e7\u00f5es do cursor poder\u00e1 n\u00e3o proporcionar uma solu\u00e7\u00e3o duradoura. No que diz respeito \u00e0 resolu\u00e7\u00e3o, a Microsoft afirma estar a trabalhar numa corre\u00e7\u00e3o permanente atrav\u00e9s de uma futura atualiza\u00e7\u00e3o do Windows.<\/p>\n\n\n\n<h3 class=\"wp-block-heading\" id=\"h-desktop-backgrounds-are-also-affected\">Os fundos do ambiente de trabalho tamb\u00e9m s\u00e3o afetados<\/h3>\n\n\n\n<p>Um problema distinto do Windows 11 tamb\u00e9m est\u00e1 a afetar as defini\u00e7\u00f5es do fundo do ambiente de trabalho ap\u00f3s a mesma atualiza\u00e7\u00e3o KB5120998 de 27 de agosto. Numa atualiza\u00e7\u00e3o ao <a href=\"https:\/\/learn.microsoft.com\/en-us\/windows\/release-health\/status-windows-11-25H2#3734msgdesc\" target=\"_blank\" rel=\"noreferrer noopener\">Windows Release Health Dashboard<\/a>, a Microsoft refere que, depois de instalar a atualiza\u00e7\u00e3o, os fundos do ambiente de trabalho personalizados podem n\u00e3o ser carregados, deixando os ambientes de trabalho afetados com um fundo preto s\u00f3lido.<\/p>\n\n\n\n<p>Outras op\u00e7\u00f5es de personaliza\u00e7\u00e3o tamb\u00e9m podem ser afetadas, incluindo as defini\u00e7\u00f5es de apresenta\u00e7\u00e3o de diapositivos e os temas de contraste. A empresa confirmou ainda que os utilizadores do Windows 11 vers\u00e3o 25H2 e vers\u00e3o 24H2 poder\u00e3o deparar-se com estes problemas.<\/p>\n\n\n\n<p>A Microsoft n\u00e3o indicou uma data de lan\u00e7amento espec\u00edfica para qualquer uma das corre\u00e7\u00f5es permanentes. Por enquanto, os utilizadores afetados poder\u00e3o ter de tolerar as predefini\u00e7\u00f5es at\u00e9 que seja lan\u00e7ada outra atualiza\u00e7\u00e3o.<\/p>\n","protected":false},"excerpt":{"rendered":"<p>A Microsoft confirmou novos problemas de personaliza\u00e7\u00e3o no Windows 11 ap\u00f3s as atualiza\u00e7\u00f5es lan\u00e7adas a 27 de agosto. Depois de instalar a atualiza\u00e7\u00e3o KB5120998, muitos utilizadores do Reddit afirmaram que as defini\u00e7\u00f5es do rato e os fundos do ambiente de trabalho est\u00e3o a ser repostos sem aviso. Agora, a Microsoft confirmou oficialmente ambos os problemas [&hellip;]<\/p>\n","protected":false},"author":2314,"featured_media":7089,"comment_status":"open","ping_status":"open","sticky":false,"template":"","format":"standard","meta":{"_acf_changed":false,"_enabled_clarity":"","footnotes":""},"categories":[55],"tags":[],"work":[],"class_list":["post-7088","post","type-post","status-publish","format-standard","has-post-thumbnail","hentry","category-tutoriais"],"acf":[],"yoast_head":"<!-- This site is optimized with the Yoast SEO Premium plugin v28.3 (Yoast SEO v28.3) - https:\/\/yoast.com\/product\/yoast-seo-premium-wordpress\/ -->\n<title>Microsoft confirma que o Windows 11 KB5120998 quebra as configura\u00e7\u00f5es e a anima\u00e7\u00e3o do cursor do mouse, personaliza\u00e7\u00e3o da \u00e1rea de trabalho tamb\u00e9m \u00e9 afetada<\/title>\n<meta name=\"description\" content=\"Microsoft confirma erros do KB5120998 no Windows 11 que rep\u00f5em a personaliza\u00e7\u00e3o do rato e os fundos do ambiente de trabalho ap\u00f3s as atualiza\u00e7\u00f5es de agosto, afetando alguns utilizadores\" \/>\n<meta name=\"robots\" content=\"index, follow, max-snippet:-1, max-image-preview:large, max-video-preview:-1\" \/>\n<link rel=\"canonical\" href=\"https:\/\/windowsreport.com\/pt\/microsoft-confirma-que-o-windows-11-kb5120998-quebra-as-configuracoes-e-a-animacao-do-cursor-do-mouse-personalizacao-da-area-de-trabalho-tambem-e-afetada\/\" \/>\n<meta property=\"og:locale\" content=\"pt_PT\" \/>\n<meta property=\"og:type\" content=\"article\" \/>\n<meta property=\"og:title\" content=\"Microsoft confirma que o Windows 11 KB5120998 quebra as configura\u00e7\u00f5es e a anima\u00e7\u00e3o do cursor do mouse, personaliza\u00e7\u00e3o da \u00e1rea de trabalho tamb\u00e9m \u00e9 afetada\" \/>\n<meta property=\"og:description\" content=\"Microsoft confirma erros do KB5120998 no Windows 11 que rep\u00f5em a personaliza\u00e7\u00e3o do rato e os fundos do ambiente de trabalho ap\u00f3s as atualiza\u00e7\u00f5es de agosto, afetando alguns utilizadores\" \/>\n<meta property=\"og:url\" content=\"https:\/\/windowsreport.com\/pt\/microsoft-confirma-que-o-windows-11-kb5120998-quebra-as-configuracoes-e-a-animacao-do-cursor-do-mouse-personalizacao-da-area-de-trabalho-tambem-e-afetada\/\" \/>\n<meta property=\"og:site_name\" content=\"WindowsReport PT (Portuguese)\" \/>\n<meta property=\"article:published_time\" content=\"2026-09-03T10:07:12+00:00\" \/>\n<meta property=\"og:image\" content=\"https:\/\/windowsreport.com\/pt\/wp-content\/uploads\/sites\/2\/2026\/09\/Windows-11-bug-2.png\" \/>\n\t<meta property=\"og:image:width\" content=\"1280\" \/>\n\t<meta property=\"og:image:height\" content=\"750\" \/>\n\t<meta property=\"og:image:type\" content=\"image\/png\" \/>\n<meta name=\"author\" content=\"Rishaj Upadhyay\" \/>\n<meta name=\"twitter:card\" content=\"summary_large_image\" \/>\n<meta name=\"twitter:creator\" content=\"@rishaj_u\" \/>\n<meta name=\"twitter:label1\" content=\"Escrito por\" \/>\n\t<meta name=\"twitter:data1\" content=\"Rishaj Upadhyay\" \/>\n\t<meta name=\"twitter:label2\" content=\"Tempo estimado de leitura\" \/>\n\t<meta name=\"twitter:data2\" content=\"2 minutos\" \/>\n<script type=\"application\/ld+json\" class=\"yoast-schema-graph\">{\"@context\":\"https:\\\/\\\/schema.org\",\"@graph\":[{\"@type\":\"Article\",\"@id\":\"https:\\\/\\\/windowsreport.com\\\/pt\\\/microsoft-confirma-que-o-windows-11-kb5120998-quebra-as-configuracoes-e-a-animacao-do-cursor-do-mouse-personalizacao-da-area-de-trabalho-tambem-e-afetada\\\/#article\",\"isPartOf\":{\"@id\":\"https:\\\/\\\/windowsreport.com\\\/pt\\\/microsoft-confirma-que-o-windows-11-kb5120998-quebra-as-configuracoes-e-a-animacao-do-cursor-do-mouse-personalizacao-da-area-de-trabalho-tambem-e-afetada\\\/\"},\"author\":{\"name\":\"Rishaj Upadhyay\",\"@id\":\"https:\\\/\\\/windowsreport.com\\\/pt\\\/#\\\/schema\\\/person\\\/04aa559bdd859ef09ab42a04246aec23\"},\"headline\":\"Microsoft confirma que o Windows 11 KB5120998 quebra as configura\u00e7\u00f5es e a anima\u00e7\u00e3o do cursor do mouse, personaliza\u00e7\u00e3o da \u00e1rea de trabalho tamb\u00e9m \u00e9 afetada\",\"datePublished\":\"2026-09-03T10:07:12+00:00\",\"mainEntityOfPage\":{\"@id\":\"https:\\\/\\\/windowsreport.com\\\/pt\\\/microsoft-confirma-que-o-windows-11-kb5120998-quebra-as-configuracoes-e-a-animacao-do-cursor-do-mouse-personalizacao-da-area-de-trabalho-tambem-e-afetada\\\/\"},\"wordCount\":466,\"commentCount\":0,\"publisher\":{\"@id\":\"https:\\\/\\\/windowsreport.com\\\/pt\\\/#organization\"},\"image\":{\"@id\":\"https:\\\/\\\/windowsreport.com\\\/pt\\\/microsoft-confirma-que-o-windows-11-kb5120998-quebra-as-configuracoes-e-a-animacao-do-cursor-do-mouse-personalizacao-da-area-de-trabalho-tambem-e-afetada\\\/#primaryimage\"},\"thumbnailUrl\":\"https:\\\/\\\/windowsreport.com\\\/pt\\\/wp-content\\\/uploads\\\/sites\\\/2\\\/2026\\\/09\\\/Windows-11-bug-2.png\",\"articleSection\":[\"Tutoriais\"],\"inLanguage\":\"pt-PT\",\"potentialAction\":[{\"@type\":\"CommentAction\",\"name\":\"Comment\",\"target\":[\"https:\\\/\\\/windowsreport.com\\\/pt\\\/microsoft-confirma-que-o-windows-11-kb5120998-quebra-as-configuracoes-e-a-animacao-do-cursor-do-mouse-personalizacao-da-area-de-trabalho-tambem-e-afetada\\\/#respond\"]}],\"copyrightYear\":\"2026\",\"copyrightHolder\":{\"@id\":\"https:\\\/\\\/windowsreport.com\\\/#organization\"}},{\"@type\":\"WebPage\",\"@id\":\"https:\\\/\\\/windowsreport.com\\\/pt\\\/microsoft-confirma-que-o-windows-11-kb5120998-quebra-as-configuracoes-e-a-animacao-do-cursor-do-mouse-personalizacao-da-area-de-trabalho-tambem-e-afetada\\\/\",\"url\":\"https:\\\/\\\/windowsreport.com\\\/pt\\\/microsoft-confirma-que-o-windows-11-kb5120998-quebra-as-configuracoes-e-a-animacao-do-cursor-do-mouse-personalizacao-da-area-de-trabalho-tambem-e-afetada\\\/\",\"name\":\"Microsoft confirma que o Windows 11 KB5120998 quebra as configura\u00e7\u00f5es e a anima\u00e7\u00e3o do cursor do mouse, personaliza\u00e7\u00e3o da \u00e1rea de trabalho tamb\u00e9m \u00e9 afetada\",\"isPartOf\":{\"@id\":\"https:\\\/\\\/windowsreport.com\\\/pt\\\/#website\"},\"primaryImageOfPage\":{\"@id\":\"https:\\\/\\\/windowsreport.com\\\/pt\\\/microsoft-confirma-que-o-windows-11-kb5120998-quebra-as-configuracoes-e-a-animacao-do-cursor-do-mouse-personalizacao-da-area-de-trabalho-tambem-e-afetada\\\/#primaryimage\"},\"image\":{\"@id\":\"https:\\\/\\\/windowsreport.com\\\/pt\\\/microsoft-confirma-que-o-windows-11-kb5120998-quebra-as-configuracoes-e-a-animacao-do-cursor-do-mouse-personalizacao-da-area-de-trabalho-tambem-e-afetada\\\/#primaryimage\"},\"thumbnailUrl\":\"https:\\\/\\\/windowsreport.com\\\/pt\\\/wp-content\\\/uploads\\\/sites\\\/2\\\/2026\\\/09\\\/Windows-11-bug-2.png\",\"datePublished\":\"2026-09-03T10:07:12+00:00\",\"description\":\"Microsoft confirma erros do KB5120998 no Windows 11 que rep\u00f5em a personaliza\u00e7\u00e3o do rato e os fundos do ambiente de trabalho ap\u00f3s as atualiza\u00e7\u00f5es de agosto, afetando alguns utilizadores\",\"breadcrumb\":{\"@id\":\"https:\\\/\\\/windowsreport.com\\\/pt\\\/microsoft-confirma-que-o-windows-11-kb5120998-quebra-as-configuracoes-e-a-animacao-do-cursor-do-mouse-personalizacao-da-area-de-trabalho-tambem-e-afetada\\\/#breadcrumb\"},\"inLanguage\":\"pt-PT\",\"potentialAction\":[{\"@type\":\"ReadAction\",\"target\":[\"https:\\\/\\\/windowsreport.com\\\/pt\\\/microsoft-confirma-que-o-windows-11-kb5120998-quebra-as-configuracoes-e-a-animacao-do-cursor-do-mouse-personalizacao-da-area-de-trabalho-tambem-e-afetada\\\/\"]}]},{\"@type\":\"ImageObject\",\"inLanguage\":\"pt-PT\",\"@id\":\"https:\\\/\\\/windowsreport.com\\\/pt\\\/microsoft-confirma-que-o-windows-11-kb5120998-quebra-as-configuracoes-e-a-animacao-do-cursor-do-mouse-personalizacao-da-area-de-trabalho-tambem-e-afetada\\\/#primaryimage\",\"url\":\"https:\\\/\\\/windowsreport.com\\\/pt\\\/wp-content\\\/uploads\\\/sites\\\/2\\\/2026\\\/09\\\/Windows-11-bug-2.png\",\"contentUrl\":\"https:\\\/\\\/windowsreport.com\\\/pt\\\/wp-content\\\/uploads\\\/sites\\\/2\\\/2026\\\/09\\\/Windows-11-bug-2.png\",\"width\":1280,\"height\":750},{\"@type\":\"BreadcrumbList\",\"@id\":\"https:\\\/\\\/windowsreport.com\\\/pt\\\/microsoft-confirma-que-o-windows-11-kb5120998-quebra-as-configuracoes-e-a-animacao-do-cursor-do-mouse-personalizacao-da-area-de-trabalho-tambem-e-afetada\\\/#breadcrumb\",\"itemListElement\":[{\"@type\":\"ListItem\",\"position\":1,\"name\":\"Home\",\"item\":\"https:\\\/\\\/windowsreport.com\\\/pt\\\/\"},{\"@type\":\"ListItem\",\"position\":2,\"name\":\"Microsoft confirma que o Windows 11 KB5120998 quebra as configura\u00e7\u00f5es e a anima\u00e7\u00e3o do cursor do mouse, personaliza\u00e7\u00e3o da \u00e1rea de trabalho tamb\u00e9m \u00e9 afetada\"}]},{\"@type\":\"WebSite\",\"@id\":\"https:\\\/\\\/windowsreport.com\\\/pt\\\/#website\",\"url\":\"https:\\\/\\\/windowsreport.com\\\/pt\\\/\",\"name\":\"WindowsReport PT (Portuguese)\",\"description\":\"\",\"publisher\":{\"@id\":\"https:\\\/\\\/windowsreport.com\\\/pt\\\/#organization\"},\"potentialAction\":[{\"@type\":\"SearchAction\",\"target\":{\"@type\":\"EntryPoint\",\"urlTemplate\":\"https:\\\/\\\/windowsreport.com\\\/pt\\\/?s={search_term_string}\"},\"query-input\":{\"@type\":\"PropertyValueSpecification\",\"valueRequired\":true,\"valueName\":\"search_term_string\"}}],\"inLanguage\":\"pt-PT\"},{\"@type\":\"Organization\",\"@id\":\"https:\\\/\\\/windowsreport.com\\\/pt\\\/#organization\",\"name\":\"WindowsReport PT (Portuguese)\",\"url\":\"https:\\\/\\\/windowsreport.com\\\/pt\\\/\",\"logo\":{\"@type\":\"ImageObject\",\"inLanguage\":\"pt-PT\",\"@id\":\"https:\\\/\\\/windowsreport.com\\\/pt\\\/#\\\/schema\\\/logo\\\/image\\\/\",\"url\":\"https:\\\/\\\/windowsreport.com\\\/pt\\\/wp-content\\\/uploads\\\/sites\\\/2\\\/2024\\\/01\\\/wr-logo-default-1.png\",\"contentUrl\":\"https:\\\/\\\/windowsreport.com\\\/pt\\\/wp-content\\\/uploads\\\/sites\\\/2\\\/2024\\\/01\\\/wr-logo-default-1.png\",\"width\":214,\"height\":35,\"caption\":\"WindowsReport PT (Portuguese)\"},\"image\":{\"@id\":\"https:\\\/\\\/windowsreport.com\\\/pt\\\/#\\\/schema\\\/logo\\\/image\\\/\"}},{\"@type\":\"Person\",\"@id\":\"https:\\\/\\\/windowsreport.com\\\/pt\\\/#\\\/schema\\\/person\\\/04aa559bdd859ef09ab42a04246aec23\",\"name\":\"Rishaj Upadhyay\",\"image\":{\"@type\":\"ImageObject\",\"inLanguage\":\"pt-PT\",\"@id\":\"https:\\\/\\\/secure.gravatar.com\\\/avatar\\\/72656c3b764a0c8360c5538719a301a35e27fc67b8f00804a6554d06824411b2?s=96&d=https%3A%2F%2Fwindowsreport.com%2Fwp-content%2Fuploads%2Fsites%2F2%2F2024%2F01%2Fwricon.png&r=g\",\"url\":\"https:\\\/\\\/secure.gravatar.com\\\/avatar\\\/72656c3b764a0c8360c5538719a301a35e27fc67b8f00804a6554d06824411b2?s=96&d=https%3A%2F%2Fwindowsreport.com%2Fwp-content%2Fuploads%2Fsites%2F2%2F2024%2F01%2Fwricon.png&r=g\",\"contentUrl\":\"https:\\\/\\\/secure.gravatar.com\\\/avatar\\\/72656c3b764a0c8360c5538719a301a35e27fc67b8f00804a6554d06824411b2?s=96&d=https%3A%2F%2Fwindowsreport.com%2Fwp-content%2Fuploads%2Fsites%2F2%2F2024%2F01%2Fwricon.png&r=g\",\"caption\":\"Rishaj Upadhyay\"},\"description\":\"Rishaj is a tech writer who has been writing professionally for over four years, with a passion for Android, Windows, and all things tech. He initially joined Windows Report as a tech journalist and is now taking over as a news editor. When he's not breaking the keyboard, you can find him cooking, or listening to music\\\/podcasts.\",\"sameAs\":[\"https:\\\/\\\/x.com\\\/rishaj_u\"],\"url\":\"https:\\\/\\\/windowsreport.com\\\/pt\\\/author\\\/rishaj\\\/\"}]}<\/script>\n<!-- \/ Yoast SEO Premium plugin. -->","yoast_head_json":{"title":"Microsoft confirma que o Windows 11 KB5120998 quebra as configura\u00e7\u00f5es e a anima\u00e7\u00e3o do cursor do mouse, personaliza\u00e7\u00e3o da \u00e1rea de trabalho tamb\u00e9m \u00e9 afetada","description":"Microsoft confirma erros do KB5120998 no Windows 11 que rep\u00f5em a personaliza\u00e7\u00e3o do rato e os fundos do ambiente de trabalho ap\u00f3s as atualiza\u00e7\u00f5es de agosto, afetando alguns utilizadores","robots":{"index":"index","follow":"follow","max-snippet":"max-snippet:-1","max-image-preview":"max-image-preview:large","max-video-preview":"max-video-preview:-1"},"canonical":"https:\/\/windowsreport.com\/pt\/microsoft-confirma-que-o-windows-11-kb5120998-quebra-as-configuracoes-e-a-animacao-do-cursor-do-mouse-personalizacao-da-area-de-trabalho-tambem-e-afetada\/","og_locale":"pt_PT","og_type":"article","og_title":"Microsoft confirma que o Windows 11 KB5120998 quebra as configura\u00e7\u00f5es e a anima\u00e7\u00e3o do cursor do mouse, personaliza\u00e7\u00e3o da \u00e1rea de trabalho tamb\u00e9m \u00e9 afetada","og_description":"Microsoft confirma erros do KB5120998 no Windows 11 que rep\u00f5em a personaliza\u00e7\u00e3o do rato e os fundos do ambiente de trabalho ap\u00f3s as atualiza\u00e7\u00f5es de agosto, afetando alguns utilizadores","og_url":"https:\/\/windowsreport.com\/pt\/microsoft-confirma-que-o-windows-11-kb5120998-quebra-as-configuracoes-e-a-animacao-do-cursor-do-mouse-personalizacao-da-area-de-trabalho-tambem-e-afetada\/","og_site_name":"WindowsReport PT (Portuguese)","article_published_time":"2026-09-03T10:07:12+00:00","og_image":[{"width":1280,"height":750,"url":"https:\/\/windowsreport.com\/pt\/wp-content\/uploads\/sites\/2\/2026\/09\/Windows-11-bug-2.png","type":"image\/png"}],"author":"Rishaj Upadhyay","twitter_card":"summary_large_image","twitter_creator":"@rishaj_u","twitter_misc":{"Escrito por":"Rishaj Upadhyay","Tempo estimado de leitura":"2 minutos"},"schema":{"@context":"https:\/\/schema.org","@graph":[{"@type":"Article","@id":"https:\/\/windowsreport.com\/pt\/microsoft-confirma-que-o-windows-11-kb5120998-quebra-as-configuracoes-e-a-animacao-do-cursor-do-mouse-personalizacao-da-area-de-trabalho-tambem-e-afetada\/#article","isPartOf":{"@id":"https:\/\/windowsreport.com\/pt\/microsoft-confirma-que-o-windows-11-kb5120998-quebra-as-configuracoes-e-a-animacao-do-cursor-do-mouse-personalizacao-da-area-de-trabalho-tambem-e-afetada\/"},"author":{"name":"Rishaj Upadhyay","@id":"https:\/\/windowsreport.com\/pt\/#\/schema\/person\/04aa559bdd859ef09ab42a04246aec23"},"headline":"Microsoft confirma que o Windows 11 KB5120998 quebra as configura\u00e7\u00f5es e a anima\u00e7\u00e3o do cursor do mouse, personaliza\u00e7\u00e3o da \u00e1rea de trabalho tamb\u00e9m \u00e9 afetada","datePublished":"2026-09-03T10:07:12+00:00","mainEntityOfPage":{"@id":"https:\/\/windowsreport.com\/pt\/microsoft-confirma-que-o-windows-11-kb5120998-quebra-as-configuracoes-e-a-animacao-do-cursor-do-mouse-personalizacao-da-area-de-trabalho-tambem-e-afetada\/"},"wordCount":466,"commentCount":0,"publisher":{"@id":"https:\/\/windowsreport.com\/pt\/#organization"},"image":{"@id":"https:\/\/windowsreport.com\/pt\/microsoft-confirma-que-o-windows-11-kb5120998-quebra-as-configuracoes-e-a-animacao-do-cursor-do-mouse-personalizacao-da-area-de-trabalho-tambem-e-afetada\/#primaryimage"},"thumbnailUrl":"https:\/\/windowsreport.com\/pt\/wp-content\/uploads\/sites\/2\/2026\/09\/Windows-11-bug-2.png","articleSection":["Tutoriais"],"inLanguage":"pt-PT","potentialAction":[{"@type":"CommentAction","name":"Comment","target":["https:\/\/windowsreport.com\/pt\/microsoft-confirma-que-o-windows-11-kb5120998-quebra-as-configuracoes-e-a-animacao-do-cursor-do-mouse-personalizacao-da-area-de-trabalho-tambem-e-afetada\/#respond"]}],"copyrightYear":"2026","copyrightHolder":{"@id":"https:\/\/windowsreport.com\/#organization"}},{"@type":"WebPage","@id":"https:\/\/windowsreport.com\/pt\/microsoft-confirma-que-o-windows-11-kb5120998-quebra-as-configuracoes-e-a-animacao-do-cursor-do-mouse-personalizacao-da-area-de-trabalho-tambem-e-afetada\/","url":"https:\/\/windowsreport.com\/pt\/microsoft-confirma-que-o-windows-11-kb5120998-quebra-as-configuracoes-e-a-animacao-do-cursor-do-mouse-personalizacao-da-area-de-trabalho-tambem-e-afetada\/","name":"Microsoft confirma que o Windows 11 KB5120998 quebra as configura\u00e7\u00f5es e a anima\u00e7\u00e3o do cursor do mouse, personaliza\u00e7\u00e3o da \u00e1rea de trabalho tamb\u00e9m \u00e9 afetada","isPartOf":{"@id":"https:\/\/windowsreport.com\/pt\/#website"},"primaryImageOfPage":{"@id":"https:\/\/windowsreport.com\/pt\/microsoft-confirma-que-o-windows-11-kb5120998-quebra-as-configuracoes-e-a-animacao-do-cursor-do-mouse-personalizacao-da-area-de-trabalho-tambem-e-afetada\/#primaryimage"},"image":{"@id":"https:\/\/windowsreport.com\/pt\/microsoft-confirma-que-o-windows-11-kb5120998-quebra-as-configuracoes-e-a-animacao-do-cursor-do-mouse-personalizacao-da-area-de-trabalho-tambem-e-afetada\/#primaryimage"},"thumbnailUrl":"https:\/\/windowsreport.com\/pt\/wp-content\/uploads\/sites\/2\/2026\/09\/Windows-11-bug-2.png","datePublished":"2026-09-03T10:07:12+00:00","description":"Microsoft confirma erros do KB5120998 no Windows 11 que rep\u00f5em a personaliza\u00e7\u00e3o do rato e os fundos do ambiente de trabalho ap\u00f3s as atualiza\u00e7\u00f5es de agosto, afetando alguns utilizadores","breadcrumb":{"@id":"https:\/\/windowsreport.com\/pt\/microsoft-confirma-que-o-windows-11-kb5120998-quebra-as-configuracoes-e-a-animacao-do-cursor-do-mouse-personalizacao-da-area-de-trabalho-tambem-e-afetada\/#breadcrumb"},"inLanguage":"pt-PT","potentialAction":[{"@type":"ReadAction","target":["https:\/\/windowsreport.com\/pt\/microsoft-confirma-que-o-windows-11-kb5120998-quebra-as-configuracoes-e-a-animacao-do-cursor-do-mouse-personalizacao-da-area-de-trabalho-tambem-e-afetada\/"]}]},{"@type":"ImageObject","inLanguage":"pt-PT","@id":"https:\/\/windowsreport.com\/pt\/microsoft-confirma-que-o-windows-11-kb5120998-quebra-as-configuracoes-e-a-animacao-do-cursor-do-mouse-personalizacao-da-area-de-trabalho-tambem-e-afetada\/#primaryimage","url":"https:\/\/windowsreport.com\/pt\/wp-content\/uploads\/sites\/2\/2026\/09\/Windows-11-bug-2.png","contentUrl":"https:\/\/windowsreport.com\/pt\/wp-content\/uploads\/sites\/2\/2026\/09\/Windows-11-bug-2.png","width":1280,"height":750},{"@type":"BreadcrumbList","@id":"https:\/\/windowsreport.com\/pt\/microsoft-confirma-que-o-windows-11-kb5120998-quebra-as-configuracoes-e-a-animacao-do-cursor-do-mouse-personalizacao-da-area-de-trabalho-tambem-e-afetada\/#breadcrumb","itemListElement":[{"@type":"ListItem","position":1,"name":"Home","item":"https:\/\/windowsreport.com\/pt\/"},{"@type":"ListItem","position":2,"name":"Microsoft confirma que o Windows 11 KB5120998 quebra as configura\u00e7\u00f5es e a anima\u00e7\u00e3o do cursor do mouse, personaliza\u00e7\u00e3o da \u00e1rea de trabalho tamb\u00e9m \u00e9 afetada"}]},{"@type":"WebSite","@id":"https:\/\/windowsreport.com\/pt\/#website","url":"https:\/\/windowsreport.com\/pt\/","name":"WindowsReport PT (Portuguese)","description":"","publisher":{"@id":"https:\/\/windowsreport.com\/pt\/#organization"},"potentialAction":[{"@type":"SearchAction","target":{"@type":"EntryPoint","urlTemplate":"https:\/\/windowsreport.com\/pt\/?s={search_term_string}"},"query-input":{"@type":"PropertyValueSpecification","valueRequired":true,"valueName":"search_term_string"}}],"inLanguage":"pt-PT"},{"@type":"Organization","@id":"https:\/\/windowsreport.com\/pt\/#organization","name":"WindowsReport PT (Portuguese)","url":"https:\/\/windowsreport.com\/pt\/","logo":{"@type":"ImageObject","inLanguage":"pt-PT","@id":"https:\/\/windowsreport.com\/pt\/#\/schema\/logo\/image\/","url":"https:\/\/windowsreport.com\/pt\/wp-content\/uploads\/sites\/2\/2024\/01\/wr-logo-default-1.png","contentUrl":"https:\/\/windowsreport.com\/pt\/wp-content\/uploads\/sites\/2\/2024\/01\/wr-logo-default-1.png","width":214,"height":35,"caption":"WindowsReport PT (Portuguese)"},"image":{"@id":"https:\/\/windowsreport.com\/pt\/#\/schema\/logo\/image\/"}},{"@type":"Person","@id":"https:\/\/windowsreport.com\/pt\/#\/schema\/person\/04aa559bdd859ef09ab42a04246aec23","name":"Rishaj Upadhyay","image":{"@type":"ImageObject","inLanguage":"pt-PT","@id":"https:\/\/secure.gravatar.com\/avatar\/72656c3b764a0c8360c5538719a301a35e27fc67b8f00804a6554d06824411b2?s=96&d=https%3A%2F%2Fwindowsreport.com%2Fwp-content%2Fuploads%2Fsites%2F2%2F2024%2F01%2Fwricon.png&r=g","url":"https:\/\/secure.gravatar.com\/avatar\/72656c3b764a0c8360c5538719a301a35e27fc67b8f00804a6554d06824411b2?s=96&d=https%3A%2F%2Fwindowsreport.com%2Fwp-content%2Fuploads%2Fsites%2F2%2F2024%2F01%2Fwricon.png&r=g","contentUrl":"https:\/\/secure.gravatar.com\/avatar\/72656c3b764a0c8360c5538719a301a35e27fc67b8f00804a6554d06824411b2?s=96&d=https%3A%2F%2Fwindowsreport.com%2Fwp-content%2Fuploads%2Fsites%2F2%2F2024%2F01%2Fwricon.png&r=g","caption":"Rishaj Upadhyay"},"description":"Rishaj is a tech writer who has been writing professionally for over four years, with a passion for Android, Windows, and all things tech. He initially joined Windows Report as a tech journalist and is now taking over as a news editor. When he's not breaking the keyboard, you can find him cooking, or listening to music\/podcasts.","sameAs":["https:\/\/x.com\/rishaj_u"],"url":"https:\/\/windowsreport.com\/pt\/author\/rishaj\/"}]}},"_links":{"self":[{"href":"https:\/\/windowsreport.com\/pt\/wp-json\/wp\/v2\/posts\/7088","targetHints":{"allow":["GET"]}}],"collection":[{"href":"https:\/\/windowsreport.com\/pt\/wp-json\/wp\/v2\/posts"}],"about":[{"href":"https:\/\/windowsreport.com\/pt\/wp-json\/wp\/v2\/types\/post"}],"author":[{"embeddable":true,"href":"https:\/\/windowsreport.com\/pt\/wp-json\/wp\/v2\/users\/2314"}],"replies":[{"embeddable":true,"href":"https:\/\/windowsreport.com\/pt\/wp-json\/wp\/v2\/comments?post=7088"}],"version-history":[{"count":0,"href":"https:\/\/windowsreport.com\/pt\/wp-json\/wp\/v2\/posts\/7088\/revisions"}],"wp:featuredmedia":[{"embeddable":true,"href":"https:\/\/windowsreport.com\/pt\/wp-json\/wp\/v2\/media\/7089"}],"wp:attachment":[{"href":"https:\/\/windowsreport.com\/pt\/wp-json\/wp\/v2\/media?parent=7088"}],"wp:term":[{"taxonomy":"category","embeddable":true,"href":"https:\/\/windowsreport.com\/pt\/wp-json\/wp\/v2\/categories?post=7088"},{"taxonomy":"post_tag","embeddable":true,"href":"https:\/\/windowsreport.com\/pt\/wp-json\/wp\/v2\/tags?post=7088"},{"taxonomy":"work","embeddable":true,"href":"https:\/\/windowsreport.com\/pt\/wp-json\/wp\/v2\/work?post=7088"}],"curies":[{"name":"wp","href":"https:\/\/api.w.org\/{rel}","templated":true}]}}