{"id":6356,"date":"2026-08-31T10:11:00","date_gmt":"2026-08-31T10:11:00","guid":{"rendered":"https:\/\/windowsreport.com\/se\/claude-code-anvandare-forlorar-17-av-sina-nuvarande-veckogranser\/"},"modified":"2026-08-31T10:11:00","modified_gmt":"2026-08-31T10:11:00","slug":"claude-code-anvandare-forlorar-17-av-sina-nuvarande-veckogranser","status":"publish","type":"post","link":"https:\/\/windowsreport.com\/se\/claude-code-anvandare-forlorar-17-av-sina-nuvarande-veckogranser\/","title":{"rendered":"Claude Code-anv\u00e4ndare f\u00f6rlorar 17 % av sina nuvarande veckogr\u00e4nser"},"content":{"rendered":"\n<p>De veckovisa gr\u00e4nserna f\u00f6r Claude Code \u00e4ndras i september, och \u00e4ven om Anthropic kallar uppdateringen f\u00f6r en permanent \u00f6kning kommer anv\u00e4ndarna faktiskt att f\u00e5 mindre anv\u00e4ndning \u00e4n de har idag.<\/p>\n\n\n\n<h2 class=\"wp-block-heading\" id=\"h-claude-code-weekly-limits-change-september-14\">Claude Codes veckovisa gr\u00e4nser \u00e4ndras den 14 september<\/h2>\n\n\n\n<p>Anthropic kommer permanent att \u00f6ka de standardveckovisa anv\u00e4ndningsgr\u00e4nserna f\u00f6r Claude Code med 25 % f\u00f6r planerna Pro, Max, Team och anv\u00e4ndarbaserade Enterprise-planer fr\u00e5n och med den 14 september 2026.<\/p>\n\n\n\n<p>Claude Code-anv\u00e4ndare har dock f\u00f6r n\u00e4rvarande en tillf\u00e4llig \u00f6kning av de veckovisa gr\u00e4nserna med 50 % som g\u00e4ller till och med den 13 september.<\/p>\n\n\n\n<p>Som ett resultat kommer de nya permanenta gr\u00e4nserna fortfarande att ligga under de tillf\u00e4lliga gr\u00e4nser som anv\u00e4ndarna f\u00f6r n\u00e4rvarande f\u00e5r.<\/p>\n\n\n\n<p>Anthropic bekr\u00e4ftade att f\u00f6r\u00e4ndringen den 14 september inneb\u00e4r en minskning med ungef\u00e4r 17 % j\u00e4mf\u00f6rt med nuvarande anv\u00e4ndningsniv\u00e5er.<\/p>\n\n\n\n<figure class=\"wp-block-embed is-type-rich is-provider-x wp-block-embed-x\"><div class=\"wp-block-embed__wrapper\">\n<blockquote class=\"twitter-tweet\" data-width=\"550\" data-dnt=\"true\"><p lang=\"en\" dir=\"ltr\">Starting September 14, we&#39;re permanently raising standard weekly limits in Claude Code by 25% for Pro, Max, Team, and seat-based Enterprise plans. Until then, the current 50% increase will be in place.<\/p>&mdash; ClaudeDevs (@ClaudeDevs) <a href=\"https:\/\/x.com\/ClaudeDevs\/status\/2093742321473065266?ref_src=twsrc%5Etfw\">August 29, 2026<\/a><\/blockquote><script async src=\"https:\/\/platform.x.com\/widgets.js\" charset=\"utf-8\"><\/script>\n<\/div><\/figure>\n\n\n\n<h3 class=\"wp-block-heading\" id=\"h-anthropic-clarified-its-original-announcement\">Anthropic f\u00f6rtydligade sitt ursprungliga tillk\u00e4nnagivande<\/h3>\n\n\n\n<p>Anthropic meddelade ursprungligen f\u00f6r\u00e4ndringen som en permanent \u00f6kning med 25 % av standardveckovisa gr\u00e4nser f\u00f6r Claude Code.<\/p>\n\n\n\n<p>F\u00f6retaget raderade senare den ursprungliga tr\u00e5den och publicerade ett f\u00f6rtydligande som f\u00f6rklarar hur de nya gr\u00e4nserna f\u00f6rh\u00e5ller sig till den tillf\u00e4lliga \u00f6kning som f\u00f6r n\u00e4rvarande \u00e4r tillg\u00e4nglig.<\/p>\n\n\n\n<p>\u00c4ven om standardgr\u00e4nserna kommer att f\u00f6rbli h\u00f6gre \u00e4n de var f\u00f6re den tillf\u00e4lliga kampanjen, kommer anv\u00e4ndare som har vant sig vid de nuvarande gr\u00e4nserna att se sin tillg\u00e4ngliga veckovisa anv\u00e4ndning minska efter den 13 september.<\/p>\n\n\n\n<h3 class=\"wp-block-heading\" id=\"h-more-claude-usage-changes-are-coming\">Fler f\u00f6r\u00e4ndringar av Claude-anv\u00e4ndningen \u00e4r p\u00e5 v\u00e4g<\/h3>\n\n\n\n<p>Anthropic s\u00e4ger att man ocks\u00e5 utvecklar ytterligare f\u00f6r\u00e4ndringar som \u00e4r utformade f\u00f6r att ge anv\u00e4ndarna mer insyn i och kontroll \u00f6ver sin Claude-anv\u00e4ndning.<\/p>\n\n\n\n<p>F\u00f6retaget s\u00e4ger att dessa uppdateringar ocks\u00e5 b\u00f6r hj\u00e4lpa anv\u00e4ndarna att f\u00e5 mer v\u00e4rde fr\u00e5n Claude, \u00e4ven om man inte har meddelat n\u00e5gra specifika funktioner eller n\u00e5got releasedatum.<\/p>\n\n\n\n<p>Gr\u00e4nsf\u00f6r\u00e4ndringen kommer samtidigt som Anthropic forts\u00e4tter att g\u00f6ra bredare f\u00f6r\u00e4ndringar kring Claude. F\u00f6retaget varnade nyligen f\u00f6r att Claude-sessioner stj\u00e4ls av skadlig kod.<\/p>\n\n\n\n<p>Anthropic har ocks\u00e5 ut\u00f6kat Claudes funktioner \u00f6ver flera produkter, eftersom Claude-minnet nu fungerar \u00f6ver Cowork.<\/p>\n\n\n\n<p>Via <a href=\"https:\/\/www.bleepingcomputer.com\/news\/artificial-intelligence\/anthropic-is-cutting-claude-codes-current-weekly-limits-by-17-percent\/\" target=\"_blank\" rel=\"noreferrer noopener\">BleepingComputer<\/a><\/p>\n","protected":false},"excerpt":{"rendered":"<p>De veckovisa gr\u00e4nserna f\u00f6r Claude Code \u00e4ndras i september, och \u00e4ven om Anthropic kallar uppdateringen f\u00f6r en permanent \u00f6kning kommer anv\u00e4ndarna faktiskt att f\u00e5 mindre anv\u00e4ndning \u00e4n de har idag. Claude Codes veckovisa gr\u00e4nser \u00e4ndras den 14 september Anthropic kommer permanent att \u00f6ka de standardveckovisa anv\u00e4ndningsgr\u00e4nserna f\u00f6r Claude Code med 25 % f\u00f6r planerna Pro, [&hellip;]<\/p>\n","protected":false},"author":49,"featured_media":6357,"comment_status":"open","ping_status":"open","sticky":false,"template":"","format":"standard","meta":{"_acf_changed":false,"_enabled_clarity":"","footnotes":""},"categories":[1],"tags":[],"work":[],"class_list":["post-6356","post","type-post","status-publish","format-standard","has-post-thumbnail","hentry","category-uncategorized"],"acf":[],"yoast_head":"<!-- This site is optimized with the Yoast SEO Premium plugin v28.3 (Yoast SEO v28.3) - https:\/\/yoast.com\/product\/yoast-seo-premium-wordpress\/ -->\n<title>Claude Code-anv\u00e4ndare f\u00f6rlorar 17 % av sina nuvarande veckogr\u00e4nser<\/title>\n<meta name=\"description\" content=\"Anthropic \u00e4ndrar veckobegr\u00e4nsningarna f\u00f6r Claude Code den 14 september och s\u00e4nker de nuvarande tillf\u00e4lliga anv\u00e4ndningsniv\u00e5erna med cirka 17 procent.\" \/>\n<meta name=\"robots\" content=\"index, follow, max-snippet:-1, max-image-preview:large, max-video-preview:-1\" \/>\n<link rel=\"canonical\" href=\"https:\/\/windowsreport.com\/se\/claude-code-anvandare-forlorar-17-av-sina-nuvarande-veckogranser\/\" \/>\n<meta property=\"og:locale\" content=\"en_US\" \/>\n<meta property=\"og:type\" content=\"article\" \/>\n<meta property=\"og:title\" content=\"Claude Code-anv\u00e4ndare f\u00f6rlorar 17 % av sina nuvarande veckogr\u00e4nser\" \/>\n<meta property=\"og:description\" content=\"Anthropic \u00e4ndrar veckobegr\u00e4nsningarna f\u00f6r Claude Code den 14 september och s\u00e4nker de nuvarande tillf\u00e4lliga anv\u00e4ndningsniv\u00e5erna med cirka 17 procent.\" \/>\n<meta property=\"og:url\" content=\"https:\/\/windowsreport.com\/se\/claude-code-anvandare-forlorar-17-av-sina-nuvarande-veckogranser\/\" \/>\n<meta property=\"og:site_name\" content=\"WindowsReport SE (Swedish)\" \/>\n<meta property=\"article:published_time\" content=\"2026-08-31T10:11:00+00:00\" \/>\n<meta property=\"og:image\" content=\"https:\/\/windowsreport.com\/se\/wp-content\/uploads\/sites\/14\/2026\/08\/claude-price.jpg\" \/>\n\t<meta property=\"og:image:width\" content=\"1280\" \/>\n\t<meta property=\"og:image:height\" content=\"801\" \/>\n\t<meta property=\"og:image:type\" content=\"image\/jpeg\" \/>\n<meta name=\"author\" content=\"Milan Stanojevic\" \/>\n<meta name=\"twitter:card\" content=\"summary_large_image\" \/>\n<meta name=\"twitter:creator\" content=\"@MilanStanojev17\" \/>\n<meta name=\"twitter:label1\" content=\"Written by\" \/>\n\t<meta name=\"twitter:data1\" content=\"Milan Stanojevic\" \/>\n\t<meta name=\"twitter:label2\" content=\"Est. reading time\" \/>\n\t<meta name=\"twitter:data2\" content=\"2 minutes\" \/>\n<script type=\"application\/ld+json\" class=\"yoast-schema-graph\">{\"@context\":\"https:\\\/\\\/schema.org\",\"@graph\":[{\"@type\":\"Article\",\"@id\":\"https:\\\/\\\/windowsreport.com\\\/se\\\/claude-code-anvandare-forlorar-17-av-sina-nuvarande-veckogranser\\\/#article\",\"isPartOf\":{\"@id\":\"https:\\\/\\\/windowsreport.com\\\/se\\\/claude-code-anvandare-forlorar-17-av-sina-nuvarande-veckogranser\\\/\"},\"author\":{\"name\":\"Milan Stanojevic\",\"@id\":\"https:\\\/\\\/windowsreport.com\\\/se\\\/#\\\/schema\\\/person\\\/e3910b02e4592db47a0eb303765a3a25\"},\"headline\":\"Claude Code-anv\u00e4ndare f\u00f6rlorar 17 % av sina nuvarande veckogr\u00e4nser\",\"datePublished\":\"2026-08-31T10:11:00+00:00\",\"mainEntityOfPage\":{\"@id\":\"https:\\\/\\\/windowsreport.com\\\/se\\\/claude-code-anvandare-forlorar-17-av-sina-nuvarande-veckogranser\\\/\"},\"wordCount\":400,\"commentCount\":0,\"image\":{\"@id\":\"https:\\\/\\\/windowsreport.com\\\/se\\\/claude-code-anvandare-forlorar-17-av-sina-nuvarande-veckogranser\\\/#primaryimage\"},\"thumbnailUrl\":\"https:\\\/\\\/windowsreport.com\\\/se\\\/wp-content\\\/uploads\\\/sites\\\/14\\\/2026\\\/08\\\/claude-price.jpg\",\"inLanguage\":\"en-US\",\"potentialAction\":[{\"@type\":\"CommentAction\",\"name\":\"Comment\",\"target\":[\"https:\\\/\\\/windowsreport.com\\\/se\\\/claude-code-anvandare-forlorar-17-av-sina-nuvarande-veckogranser\\\/#respond\"]}],\"copyrightYear\":\"2026\",\"copyrightHolder\":{\"@id\":\"https:\\\/\\\/windowsreport.com\\\/#organization\"}},{\"@type\":\"WebPage\",\"@id\":\"https:\\\/\\\/windowsreport.com\\\/se\\\/claude-code-anvandare-forlorar-17-av-sina-nuvarande-veckogranser\\\/\",\"url\":\"https:\\\/\\\/windowsreport.com\\\/se\\\/claude-code-anvandare-forlorar-17-av-sina-nuvarande-veckogranser\\\/\",\"name\":\"Claude Code-anv\u00e4ndare f\u00f6rlorar 17 % av sina nuvarande veckogr\u00e4nser\",\"isPartOf\":{\"@id\":\"https:\\\/\\\/windowsreport.com\\\/se\\\/#website\"},\"primaryImageOfPage\":{\"@id\":\"https:\\\/\\\/windowsreport.com\\\/se\\\/claude-code-anvandare-forlorar-17-av-sina-nuvarande-veckogranser\\\/#primaryimage\"},\"image\":{\"@id\":\"https:\\\/\\\/windowsreport.com\\\/se\\\/claude-code-anvandare-forlorar-17-av-sina-nuvarande-veckogranser\\\/#primaryimage\"},\"thumbnailUrl\":\"https:\\\/\\\/windowsreport.com\\\/se\\\/wp-content\\\/uploads\\\/sites\\\/14\\\/2026\\\/08\\\/claude-price.jpg\",\"datePublished\":\"2026-08-31T10:11:00+00:00\",\"author\":{\"@id\":\"https:\\\/\\\/windowsreport.com\\\/se\\\/#\\\/schema\\\/person\\\/e3910b02e4592db47a0eb303765a3a25\"},\"description\":\"Anthropic \u00e4ndrar veckobegr\u00e4nsningarna f\u00f6r Claude Code den 14 september och s\u00e4nker de nuvarande tillf\u00e4lliga anv\u00e4ndningsniv\u00e5erna med cirka 17 procent.\",\"breadcrumb\":{\"@id\":\"https:\\\/\\\/windowsreport.com\\\/se\\\/claude-code-anvandare-forlorar-17-av-sina-nuvarande-veckogranser\\\/#breadcrumb\"},\"inLanguage\":\"en-US\",\"potentialAction\":[{\"@type\":\"ReadAction\",\"target\":[\"https:\\\/\\\/windowsreport.com\\\/se\\\/claude-code-anvandare-forlorar-17-av-sina-nuvarande-veckogranser\\\/\"]}]},{\"@type\":\"ImageObject\",\"inLanguage\":\"en-US\",\"@id\":\"https:\\\/\\\/windowsreport.com\\\/se\\\/claude-code-anvandare-forlorar-17-av-sina-nuvarande-veckogranser\\\/#primaryimage\",\"url\":\"https:\\\/\\\/windowsreport.com\\\/se\\\/wp-content\\\/uploads\\\/sites\\\/14\\\/2026\\\/08\\\/claude-price.jpg\",\"contentUrl\":\"https:\\\/\\\/windowsreport.com\\\/se\\\/wp-content\\\/uploads\\\/sites\\\/14\\\/2026\\\/08\\\/claude-price.jpg\",\"width\":1280,\"height\":801},{\"@type\":\"BreadcrumbList\",\"@id\":\"https:\\\/\\\/windowsreport.com\\\/se\\\/claude-code-anvandare-forlorar-17-av-sina-nuvarande-veckogranser\\\/#breadcrumb\",\"itemListElement\":[{\"@type\":\"ListItem\",\"position\":1,\"name\":\"Home\",\"item\":\"https:\\\/\\\/windowsreport.com\\\/se\\\/\"},{\"@type\":\"ListItem\",\"position\":2,\"name\":\"Claude Code-anv\u00e4ndare f\u00f6rlorar 17 % av sina nuvarande veckogr\u00e4nser\"}]},{\"@type\":\"WebSite\",\"@id\":\"https:\\\/\\\/windowsreport.com\\\/se\\\/#website\",\"url\":\"https:\\\/\\\/windowsreport.com\\\/se\\\/\",\"name\":\"WindowsReport SE (Swedish)\",\"description\":\"\",\"potentialAction\":[{\"@type\":\"SearchAction\",\"target\":{\"@type\":\"EntryPoint\",\"urlTemplate\":\"https:\\\/\\\/windowsreport.com\\\/se\\\/?s={search_term_string}\"},\"query-input\":{\"@type\":\"PropertyValueSpecification\",\"valueRequired\":true,\"valueName\":\"search_term_string\"}}],\"inLanguage\":\"en-US\"},{\"@type\":\"Person\",\"@id\":\"https:\\\/\\\/windowsreport.com\\\/se\\\/#\\\/schema\\\/person\\\/e3910b02e4592db47a0eb303765a3a25\",\"name\":\"Milan Stanojevic\",\"image\":{\"@type\":\"ImageObject\",\"inLanguage\":\"en-US\",\"@id\":\"https:\\\/\\\/secure.gravatar.com\\\/avatar\\\/fdfb58c5f9c33b78cbac22bd664ac8335249104922392e67d69d32ee59624544?s=96&d=mm&r=g\",\"url\":\"https:\\\/\\\/secure.gravatar.com\\\/avatar\\\/fdfb58c5f9c33b78cbac22bd664ac8335249104922392e67d69d32ee59624544?s=96&d=mm&r=g\",\"contentUrl\":\"https:\\\/\\\/secure.gravatar.com\\\/avatar\\\/fdfb58c5f9c33b78cbac22bd664ac8335249104922392e67d69d32ee59624544?s=96&d=mm&r=g\",\"caption\":\"Milan Stanojevic\"},\"description\":\"Milan has been enthusiastic about technology ever since his childhood days, and this led him to take interest in all PC-related technologies. He's a PC enthusiast and he spends most of his time learning about computers and technology. Before joining WindowsReport, he worked as a front-end web developer. Now, he's one of the Troubleshooting experts in our worldwide team, specializing in Windows errors &amp; software issues.\",\"sameAs\":[\"https:\\\/\\\/x.com\\\/MilanStanojev17\"],\"url\":\"https:\\\/\\\/windowsreport.com\\\/se\\\/author\\\/milan\\\/\"}]}<\/script>\n<!-- \/ Yoast SEO Premium plugin. -->","yoast_head_json":{"title":"Claude Code-anv\u00e4ndare f\u00f6rlorar 17 % av sina nuvarande veckogr\u00e4nser","description":"Anthropic \u00e4ndrar veckobegr\u00e4nsningarna f\u00f6r Claude Code den 14 september och s\u00e4nker de nuvarande tillf\u00e4lliga anv\u00e4ndningsniv\u00e5erna med cirka 17 procent.","robots":{"index":"index","follow":"follow","max-snippet":"max-snippet:-1","max-image-preview":"max-image-preview:large","max-video-preview":"max-video-preview:-1"},"canonical":"https:\/\/windowsreport.com\/se\/claude-code-anvandare-forlorar-17-av-sina-nuvarande-veckogranser\/","og_locale":"en_US","og_type":"article","og_title":"Claude Code-anv\u00e4ndare f\u00f6rlorar 17 % av sina nuvarande veckogr\u00e4nser","og_description":"Anthropic \u00e4ndrar veckobegr\u00e4nsningarna f\u00f6r Claude Code den 14 september och s\u00e4nker de nuvarande tillf\u00e4lliga anv\u00e4ndningsniv\u00e5erna med cirka 17 procent.","og_url":"https:\/\/windowsreport.com\/se\/claude-code-anvandare-forlorar-17-av-sina-nuvarande-veckogranser\/","og_site_name":"WindowsReport SE (Swedish)","article_published_time":"2026-08-31T10:11:00+00:00","og_image":[{"width":1280,"height":801,"url":"https:\/\/windowsreport.com\/se\/wp-content\/uploads\/sites\/14\/2026\/08\/claude-price.jpg","type":"image\/jpeg"}],"author":"Milan Stanojevic","twitter_card":"summary_large_image","twitter_creator":"@MilanStanojev17","twitter_misc":{"Written by":"Milan Stanojevic","Est. reading time":"2 minutes"},"schema":{"@context":"https:\/\/schema.org","@graph":[{"@type":"Article","@id":"https:\/\/windowsreport.com\/se\/claude-code-anvandare-forlorar-17-av-sina-nuvarande-veckogranser\/#article","isPartOf":{"@id":"https:\/\/windowsreport.com\/se\/claude-code-anvandare-forlorar-17-av-sina-nuvarande-veckogranser\/"},"author":{"name":"Milan Stanojevic","@id":"https:\/\/windowsreport.com\/se\/#\/schema\/person\/e3910b02e4592db47a0eb303765a3a25"},"headline":"Claude Code-anv\u00e4ndare f\u00f6rlorar 17 % av sina nuvarande veckogr\u00e4nser","datePublished":"2026-08-31T10:11:00+00:00","mainEntityOfPage":{"@id":"https:\/\/windowsreport.com\/se\/claude-code-anvandare-forlorar-17-av-sina-nuvarande-veckogranser\/"},"wordCount":400,"commentCount":0,"image":{"@id":"https:\/\/windowsreport.com\/se\/claude-code-anvandare-forlorar-17-av-sina-nuvarande-veckogranser\/#primaryimage"},"thumbnailUrl":"https:\/\/windowsreport.com\/se\/wp-content\/uploads\/sites\/14\/2026\/08\/claude-price.jpg","inLanguage":"en-US","potentialAction":[{"@type":"CommentAction","name":"Comment","target":["https:\/\/windowsreport.com\/se\/claude-code-anvandare-forlorar-17-av-sina-nuvarande-veckogranser\/#respond"]}],"copyrightYear":"2026","copyrightHolder":{"@id":"https:\/\/windowsreport.com\/#organization"}},{"@type":"WebPage","@id":"https:\/\/windowsreport.com\/se\/claude-code-anvandare-forlorar-17-av-sina-nuvarande-veckogranser\/","url":"https:\/\/windowsreport.com\/se\/claude-code-anvandare-forlorar-17-av-sina-nuvarande-veckogranser\/","name":"Claude Code-anv\u00e4ndare f\u00f6rlorar 17 % av sina nuvarande veckogr\u00e4nser","isPartOf":{"@id":"https:\/\/windowsreport.com\/se\/#website"},"primaryImageOfPage":{"@id":"https:\/\/windowsreport.com\/se\/claude-code-anvandare-forlorar-17-av-sina-nuvarande-veckogranser\/#primaryimage"},"image":{"@id":"https:\/\/windowsreport.com\/se\/claude-code-anvandare-forlorar-17-av-sina-nuvarande-veckogranser\/#primaryimage"},"thumbnailUrl":"https:\/\/windowsreport.com\/se\/wp-content\/uploads\/sites\/14\/2026\/08\/claude-price.jpg","datePublished":"2026-08-31T10:11:00+00:00","author":{"@id":"https:\/\/windowsreport.com\/se\/#\/schema\/person\/e3910b02e4592db47a0eb303765a3a25"},"description":"Anthropic \u00e4ndrar veckobegr\u00e4nsningarna f\u00f6r Claude Code den 14 september och s\u00e4nker de nuvarande tillf\u00e4lliga anv\u00e4ndningsniv\u00e5erna med cirka 17 procent.","breadcrumb":{"@id":"https:\/\/windowsreport.com\/se\/claude-code-anvandare-forlorar-17-av-sina-nuvarande-veckogranser\/#breadcrumb"},"inLanguage":"en-US","potentialAction":[{"@type":"ReadAction","target":["https:\/\/windowsreport.com\/se\/claude-code-anvandare-forlorar-17-av-sina-nuvarande-veckogranser\/"]}]},{"@type":"ImageObject","inLanguage":"en-US","@id":"https:\/\/windowsreport.com\/se\/claude-code-anvandare-forlorar-17-av-sina-nuvarande-veckogranser\/#primaryimage","url":"https:\/\/windowsreport.com\/se\/wp-content\/uploads\/sites\/14\/2026\/08\/claude-price.jpg","contentUrl":"https:\/\/windowsreport.com\/se\/wp-content\/uploads\/sites\/14\/2026\/08\/claude-price.jpg","width":1280,"height":801},{"@type":"BreadcrumbList","@id":"https:\/\/windowsreport.com\/se\/claude-code-anvandare-forlorar-17-av-sina-nuvarande-veckogranser\/#breadcrumb","itemListElement":[{"@type":"ListItem","position":1,"name":"Home","item":"https:\/\/windowsreport.com\/se\/"},{"@type":"ListItem","position":2,"name":"Claude Code-anv\u00e4ndare f\u00f6rlorar 17 % av sina nuvarande veckogr\u00e4nser"}]},{"@type":"WebSite","@id":"https:\/\/windowsreport.com\/se\/#website","url":"https:\/\/windowsreport.com\/se\/","name":"WindowsReport SE (Swedish)","description":"","potentialAction":[{"@type":"SearchAction","target":{"@type":"EntryPoint","urlTemplate":"https:\/\/windowsreport.com\/se\/?s={search_term_string}"},"query-input":{"@type":"PropertyValueSpecification","valueRequired":true,"valueName":"search_term_string"}}],"inLanguage":"en-US"},{"@type":"Person","@id":"https:\/\/windowsreport.com\/se\/#\/schema\/person\/e3910b02e4592db47a0eb303765a3a25","name":"Milan Stanojevic","image":{"@type":"ImageObject","inLanguage":"en-US","@id":"https:\/\/secure.gravatar.com\/avatar\/fdfb58c5f9c33b78cbac22bd664ac8335249104922392e67d69d32ee59624544?s=96&d=mm&r=g","url":"https:\/\/secure.gravatar.com\/avatar\/fdfb58c5f9c33b78cbac22bd664ac8335249104922392e67d69d32ee59624544?s=96&d=mm&r=g","contentUrl":"https:\/\/secure.gravatar.com\/avatar\/fdfb58c5f9c33b78cbac22bd664ac8335249104922392e67d69d32ee59624544?s=96&d=mm&r=g","caption":"Milan Stanojevic"},"description":"Milan has been enthusiastic about technology ever since his childhood days, and this led him to take interest in all PC-related technologies. He's a PC enthusiast and he spends most of his time learning about computers and technology. Before joining WindowsReport, he worked as a front-end web developer. Now, he's one of the Troubleshooting experts in our worldwide team, specializing in Windows errors &amp; software issues.","sameAs":["https:\/\/x.com\/MilanStanojev17"],"url":"https:\/\/windowsreport.com\/se\/author\/milan\/"}]}},"_links":{"self":[{"href":"https:\/\/windowsreport.com\/se\/wp-json\/wp\/v2\/posts\/6356","targetHints":{"allow":["GET"]}}],"collection":[{"href":"https:\/\/windowsreport.com\/se\/wp-json\/wp\/v2\/posts"}],"about":[{"href":"https:\/\/windowsreport.com\/se\/wp-json\/wp\/v2\/types\/post"}],"author":[{"embeddable":true,"href":"https:\/\/windowsreport.com\/se\/wp-json\/wp\/v2\/users\/49"}],"replies":[{"embeddable":true,"href":"https:\/\/windowsreport.com\/se\/wp-json\/wp\/v2\/comments?post=6356"}],"version-history":[{"count":0,"href":"https:\/\/windowsreport.com\/se\/wp-json\/wp\/v2\/posts\/6356\/revisions"}],"wp:featuredmedia":[{"embeddable":true,"href":"https:\/\/windowsreport.com\/se\/wp-json\/wp\/v2\/media\/6357"}],"wp:attachment":[{"href":"https:\/\/windowsreport.com\/se\/wp-json\/wp\/v2\/media?parent=6356"}],"wp:term":[{"taxonomy":"category","embeddable":true,"href":"https:\/\/windowsreport.com\/se\/wp-json\/wp\/v2\/categories?post=6356"},{"taxonomy":"post_tag","embeddable":true,"href":"https:\/\/windowsreport.com\/se\/wp-json\/wp\/v2\/tags?post=6356"},{"taxonomy":"work","embeddable":true,"href":"https:\/\/windowsreport.com\/se\/wp-json\/wp\/v2\/work?post=6356"}],"curies":[{"name":"wp","href":"https:\/\/api.w.org\/{rel}","templated":true}]}}